{"id":23243,"date":"2025-02-03T03:43:55","date_gmt":"2025-02-03T03:43:55","guid":{"rendered":"https:\/\/usatoday.azontree.com\/?p=23243"},"modified":"2025-02-03T03:43:55","modified_gmt":"2025-02-03T03:43:55","slug":"mavs-gm-explains-luka-anthony-davis-lakers-trade-defense-wins-championships","status":"publish","type":"post","link":"https:\/\/usatoday.azontree.com\/?p=23243","title":{"rendered":"Mavs GM Explains Luka, Anthony Davis, Lakers Trade: &#8216;Defense Wins Championships&#8217;"},"content":{"rendered":"<div class=\"intersectionObserverRefElement\">\n<div class=\"atom photo\">\n<div class=\"imgWrapper\">\n<div class=\"atom articleLeadImage blurUp loaded\"><img decoding=\"async\" src=\"https:\/\/media.bleacherreport.com\/image\/upload\/w_800,h_533,c_fill\/v1738504531\/muhxmhvomanalteuzatu.jpg\" sizes=\"\n  (max-width: 1024px) 100vw,\n  (max-width: 1440px) 60vw,\n  1440px\n\" srcset=\"https:\/\/media.bleacherreport.com\/image\/upload\/w_800,h_533,c_fill\/v1738504531\/muhxmhvomanalteuzatu.jpg 375w,https:\/\/media.bleacherreport.com\/image\/upload\/w_800,h_533,c_fill\/v1738504531\/muhxmhvomanalteuzatu.jpg 768w,https:\/\/media.bleacherreport.com\/image\/upload\/w_800,h_533,c_fill\/v1738504531\/muhxmhvomanalteuzatu.jpg\" alt=\"LOS ANGELES, CALIFORNIA - JANUARY 17: Luka Doncic #77 of the Dallas Mavericks drives to the basket against Anthony Davis #3 of the Los Angeles Lakers during the third quarter at Crypto.com Arena on January 17, 2024 in Los Angeles, California. NOTE TO USER: User expressly acknowledges and agrees that, by downloading and or using this photograph, User is consenting to the terms and conditions of the Getty Images License Agreement. (Photo by Katelyn Mulcahy\/Getty Images)\" \/><\/div>\n<\/div>\n<p><small><span class=\"credit\">Katelyn Mulcahy\/Getty Images<\/span><\/small><\/div>\n<\/div>\n<div class=\"intersectionObserverRefElement\">\n<p class=\"\">The Dallas Mavericks made the shocking decision to trade Luka Don\u010di\u0107 on Saturday, and general manager Nico Harrison said it was for defensive reasons.<\/p>\n<\/div>\n<div class=\"intersectionObserverRefElement\">\n<p class=\"\">ESPN&#8217;s\u00a0<a href=\"https:\/\/x.com\/ShamsCharania\/status\/1885920217362051276\" target=\"_blank\" rel=\"noopener\">S<\/a>hams Charania\u00a0broke news of the stunning trade, noting the Mavericks ended up with Anthony Davis, Max Christie and the Los Angeles Lakers&#8217; 2029 first-round pick in the three-team deal. Los Angeles landed Don\u010di\u0107, Maxi Kleber and Markieff Morris, while the Utah Jazz got Jalen Hood-Schifino and 2025 second-rounders from the Mavericks and L.A. Clippers.<\/p>\n<\/div>\n<div class=\"intersectionObserverRefElement\">\n<p class=\"\">&#8220;I believe that defense wins championships,&#8221; Harrison said of ending up with Davis, per ESPN&#8217;s\u00a0Tim MacMahon. &#8220;I believe that getting an All-Defensive center and an All-NBA player with a defensive mindset gives us a better chance. We&#8217;re built to win now and in the future.&#8221;<\/p>\n<\/div>\n<div class=\"intersectionObserverRefElement\">\n<div class=\"ad\"><\/div>\n<\/div>\n<div class=\"intersectionObserverRefElement\">\n<p class=\"\">The general manager also provided more insight to the team&#8217;s thought process and told\u00a0Brad Townsend\u00a0of the\u00a0<i>Dallas Morning News<\/i>, &#8220;I understand why they would be shocked, initially. But I do believe that we positioned ourselves to win now and also win in the future.<\/p>\n<\/div>\n<div class=\"intersectionObserverRefElement\">\n<p class=\"\">&#8220;And that&#8217;s ultimately the goal and why we&#8217;re here. It&#8217;s one of those things where it&#8217;s my job to make the tough decisions that put our goals first and foremost.&#8221;<\/p>\n<\/div>\n<div class=\"intersectionObserverRefElement\">\n<p class=\"\">Harrison and the Mavericks are not wrong about Davis being a better defensive player than Don\u010di\u0107.<\/p>\n<\/div>\n<div class=\"intersectionObserverRefElement\">\n<p class=\"\">After all, the big man is a five-time All-Defensive selection who has led the league in blocks per game three times during his career. His ability to play dominant interior defense and protect the rim is one reason he is a surefire future Hall of Famer.<\/p>\n<\/div>\n<div class=\"intersectionObserverRefElement\">\n<div class=\"youtubeEmbed molecule\">\n<div class=\"iframe atom\"><iframe loading=\"lazy\" id=\"https:\/\/www.youtube.com\/embed\/6CSQRLJBya8?autoplay=0&amp;cc_load_policy=0&amp;enablejsapi=1&amp;playsinline=1&amp;rel=0&amp;showinfo=0&amp;wmode=transparent&amp;height=100%25\" class=\"content\" title=\"YouTube video player\" src=\"https:\/\/www.youtube.com\/embed\/6CSQRLJBya8?autoplay=0&amp;cc_load_policy=0&amp;enablejsapi=1&amp;playsinline=1&amp;rel=0&amp;showinfo=0&amp;wmode=transparent&amp;height=100%25\" width=\"100%\" height=\"100%\" frameborder=\"0\" allowfullscreen=\"allowfullscreen\" data-mce-fragment=\"1\"><\/iframe><\/div>\n<\/div>\n<\/div>\n<div class=\"intersectionObserverRefElement\">\n<p class=\"\">As for Don\u010di\u0107, he doesn&#8217;t have the defensive accolades that Davis does and has a\u00a0reputation\u00a0of struggling on that side of the floor. Yet opponents have shot\u00a00.7 percent worse\u00a0than their normal averages from the field when he guards them this season, per NBA.com, so he is far from a complete liability on defense.<\/p>\n<\/div>\n<div class=\"intersectionObserverRefElement\">\n<p class=\"\">Even if the front office was focused on defense, this is still a stunning move from Dallas&#8217; perspective.<\/p>\n<\/div>\n<div class=\"intersectionObserverRefElement\">\n<div class=\"ad\"><\/div>\n<\/div>\n<div class=\"intersectionObserverRefElement\">\n<p class=\"\">Don\u010di\u0107 is just 25 years old and was presumably going to be the face of the franchise for the foreseeable future. This is the same organization that kept Dirk Nowitzki his entire career, and Don\u010di\u0107 seemed like a candidate to follow in the all-time great&#8217;s footsteps.<\/p>\n<\/div>\n<div class=\"intersectionObserverRefElement\">\n<p class=\"\">Nowitzki himself seemed quite surprised when news of the trade broke:<\/p>\n<\/div>\n<div class=\"intersectionObserverRefElement\">\n<div class=\"atom twitterEmbed\">\n<div class=\"twitterEmbed__container\">\n<div class=\"twitter-tweet twitter-tweet-rendered\"><iframe id=\"twitter-widget-0\" class=\"\" title=\"X Post\" src=\"https:\/\/platform.twitter.com\/embed\/Tweet.html?dnt=false&amp;embedId=twitter-widget-0&amp;features=eyJ0ZndfdGltZWxpbmVfbGlzdCI6eyJidWNrZXQiOltdLCJ2ZXJzaW9uIjpudWxsfSwidGZ3X2ZvbGxvd2VyX2NvdW50X3N1bnNldCI6eyJidWNrZXQiOnRydWUsInZlcnNpb24iOm51bGx9LCJ0ZndfdHdlZXRfZWRpdF9iYWNrZW5kIjp7ImJ1Y2tldCI6Im9uIiwidmVyc2lvbiI6bnVsbH0sInRmd19yZWZzcmNfc2Vzc2lvbiI6eyJidWNrZXQiOiJvbiIsInZlcnNpb24iOm51bGx9LCJ0ZndfZm9zbnJfc29mdF9pbnRlcnZlbnRpb25zX2VuYWJsZWQiOnsiYnVja2V0Ijoib24iLCJ2ZXJzaW9uIjpudWxsfSwidGZ3X21peGVkX21lZGlhXzE1ODk3Ijp7ImJ1Y2tldCI6InRyZWF0bWVudCIsInZlcnNpb24iOm51bGx9LCJ0ZndfZXhwZXJpbWVudHNfY29va2llX2V4cGlyYXRpb24iOnsiYnVja2V0IjoxMjA5NjAwLCJ2ZXJzaW9uIjpudWxsfSwidGZ3X3Nob3dfYmlyZHdhdGNoX3Bpdm90c19lbmFibGVkIjp7ImJ1Y2tldCI6Im9uIiwidmVyc2lvbiI6bnVsbH0sInRmd19kdXBsaWNhdGVfc2NyaWJlc190b19zZXR0aW5ncyI6eyJidWNrZXQiOiJvbiIsInZlcnNpb24iOm51bGx9LCJ0ZndfdXNlX3Byb2ZpbGVfaW1hZ2Vfc2hhcGVfZW5hYmxlZCI6eyJidWNrZXQiOiJvbiIsInZlcnNpb24iOm51bGx9LCJ0ZndfdmlkZW9faGxzX2R5bmFtaWNfbWFuaWZlc3RzXzE1MDgyIjp7ImJ1Y2tldCI6InRydWVfYml0cmF0ZSIsInZlcnNpb24iOm51bGx9LCJ0ZndfbGVnYWN5X3RpbWVsaW5lX3N1bnNldCI6eyJidWNrZXQiOnRydWUsInZlcnNpb24iOm51bGx9LCJ0ZndfdHdlZXRfZWRpdF9mcm9udGVuZCI6eyJidWNrZXQiOiJvbiIsInZlcnNpb24iOm51bGx9fQ%3D%3D&amp;frame=false&amp;hideCard=false&amp;hideThread=false&amp;id=1885931629606273107&amp;lang=en&amp;origin=https%3A%2F%2Fbleacherreport.com%2Farticles%2F10153151-mavs-gm-explains-luka-anthony-davis-lakers-trade-defense-wins-championships&amp;sessionId=57d49eb2471f8a2528ec2d7124ecd3ebd67dd8eb&amp;siteScreenName=bleacherreport&amp;theme=light&amp;widgetsVersion=2615f7e52b7e0%3A1702314776716&amp;width=550px\" frameborder=\"0\" scrolling=\"no\" allowfullscreen=\"allowfullscreen\" data-tweet-id=\"1885931629606273107\" data-mce-fragment=\"1\"><\/iframe><\/div>\n<\/div>\n<\/div>\n<\/div>\n<div class=\"intersectionObserverRefElement\">\n<p class=\"\">Yet the Mavericks decided to go a different direction before they were on the books for a five-year, $345 million\u00a0supermax extension\u00a0for the former face of their franchise. ESPN&#8217;s\u00a0Tim MacMahon\u00a0also reported the team was concerned with Don\u010di\u0107&#8217;s conditioning and its impact on his overall health, which seemed to have also played a factor.<\/p>\n<\/div>\n<div class=\"intersectionObserverRefElement\">\n<p class=\"\">&#8220;We really feel like we got ahead of what was going to be a tumultuous summer, him being eligible for the supermax and also a year away from him being able to opt out of any contract,&#8221; Harrison said, per Townsend. &#8220;And so we really felt like we got out in front of that. We know teams, they&#8217;ve had it out there, teams have been loading up to try to sign him once that comes available.&#8221;<\/p>\n<\/div>\n<div class=\"intersectionObserverRefElement\">\n<p class=\"\">It&#8217;s also not as if the Mavericks didn&#8217;t get an impact player back in return.<\/p>\n<\/div>\n<div class=\"intersectionObserverRefElement\">\n<div class=\"ad\"><\/div>\n<\/div>\n<div class=\"intersectionObserverRefElement\">\n<p class=\"\">Davis can anchor their interior defense during a Western Conference playoff run that could include matchups against Chet Holmgren, Nikola Joki\u0107, Alperen \u015eeng\u00fcn and Jaren Jackson Jr., among others.<\/p>\n<\/div>\n<div class=\"intersectionObserverRefElement\">\n<p class=\"\">If defense truly does win championships, the Mavericks might be in position to make a second straight run at the NBA Finals.<\/p>\n<\/div>\n","protected":false},"excerpt":{"rendered":"<p>Katelyn Mulcahy\/Getty Images The Dallas Mavericks made the shocking decision to trade Luka Don\u010di\u0107 on Saturday, and general manager Nico Harrison said it was for defensive reasons&#8230;. <\/p>\n","protected":false},"author":2,"featured_media":23245,"comment_status":"open","ping_status":"open","sticky":false,"template":"","format":"standard","meta":{"footnotes":""},"categories":[12,1],"tags":[],"class_list":["post-23243","post","type-post","status-publish","format-standard","has-post-thumbnail","hentry","category-hot-news","category-nfl"],"yoast_head":"<!-- This site is optimized with the Yoast SEO plugin v23.8 - https:\/\/yoast.com\/wordpress\/plugins\/seo\/ -->\n<title>Mavs GM Explains Luka, Anthony Davis, Lakers Trade: &#039;Defense Wins Championships&#039; - 24\/7 News America<\/title>\n<meta name=\"robots\" content=\"index, follow, max-snippet:-1, max-image-preview:large, max-video-preview:-1\" \/>\n<link rel=\"canonical\" href=\"https:\/\/usatoday.azontree.com\/?p=23243\" \/>\n<meta property=\"og:locale\" content=\"en_US\" \/>\n<meta property=\"og:type\" content=\"article\" \/>\n<meta property=\"og:title\" content=\"Mavs GM Explains Luka, Anthony Davis, Lakers Trade: &#039;Defense Wins Championships&#039; - 24\/7 News America\" \/>\n<meta property=\"og:description\" content=\"Katelyn Mulcahy\/Getty Images The Dallas Mavericks made the shocking decision to trade Luka Don\u010di\u0107 on Saturday, and general manager Nico Harrison said it was for defensive reasons....\" \/>\n<meta property=\"og:url\" content=\"https:\/\/usatoday.azontree.com\/?p=23243\" \/>\n<meta property=\"og:site_name\" content=\"24\/7 News America\" \/>\n<meta property=\"article:published_time\" content=\"2025-02-03T03:43:55+00:00\" \/>\n<meta property=\"og:image\" content=\"https:\/\/usatoday.azontree.com\/wp-content\/uploads\/2025\/02\/3-13.jpg\" \/>\n\t<meta property=\"og:image:width\" content=\"2000\" \/>\n\t<meta property=\"og:image:height\" content=\"2000\" \/>\n\t<meta property=\"og:image:type\" content=\"image\/jpeg\" \/>\n<meta name=\"author\" content=\"Admin\" \/>\n<meta name=\"twitter:card\" content=\"summary_large_image\" \/>\n<meta name=\"twitter:label1\" content=\"Written by\" \/>\n\t<meta name=\"twitter:data1\" content=\"Admin\" \/>\n\t<meta name=\"twitter:label2\" content=\"Est. reading time\" \/>\n\t<meta name=\"twitter:data2\" content=\"3 minutes\" \/>\n<script type=\"application\/ld+json\" class=\"yoast-schema-graph\">{\"@context\":\"https:\/\/schema.org\",\"@graph\":[{\"@type\":\"WebPage\",\"@id\":\"https:\/\/usatoday.azontree.com\/?p=23243\",\"url\":\"https:\/\/usatoday.azontree.com\/?p=23243\",\"name\":\"Mavs GM Explains Luka, Anthony Davis, Lakers Trade: 'Defense Wins Championships' - 24\/7 News America\",\"isPartOf\":{\"@id\":\"https:\/\/usatoday.azontree.com\/#website\"},\"primaryImageOfPage\":{\"@id\":\"https:\/\/usatoday.azontree.com\/?p=23243#primaryimage\"},\"image\":{\"@id\":\"https:\/\/usatoday.azontree.com\/?p=23243#primaryimage\"},\"thumbnailUrl\":\"https:\/\/usatoday.azontree.com\/wp-content\/uploads\/2025\/02\/3-13.jpg\",\"datePublished\":\"2025-02-03T03:43:55+00:00\",\"dateModified\":\"2025-02-03T03:43:55+00:00\",\"author\":{\"@id\":\"https:\/\/usatoday.azontree.com\/#\/schema\/person\/4fd584257b8aaef08c4e2bc73ee6a914\"},\"breadcrumb\":{\"@id\":\"https:\/\/usatoday.azontree.com\/?p=23243#breadcrumb\"},\"inLanguage\":\"en-US\",\"potentialAction\":[{\"@type\":\"ReadAction\",\"target\":[\"https:\/\/usatoday.azontree.com\/?p=23243\"]}]},{\"@type\":\"ImageObject\",\"inLanguage\":\"en-US\",\"@id\":\"https:\/\/usatoday.azontree.com\/?p=23243#primaryimage\",\"url\":\"https:\/\/usatoday.azontree.com\/wp-content\/uploads\/2025\/02\/3-13.jpg\",\"contentUrl\":\"https:\/\/usatoday.azontree.com\/wp-content\/uploads\/2025\/02\/3-13.jpg\",\"width\":2000,\"height\":2000},{\"@type\":\"BreadcrumbList\",\"@id\":\"https:\/\/usatoday.azontree.com\/?p=23243#breadcrumb\",\"itemListElement\":[{\"@type\":\"ListItem\",\"position\":1,\"name\":\"Home\",\"item\":\"https:\/\/usatoday.azontree.com\/\"},{\"@type\":\"ListItem\",\"position\":2,\"name\":\"Mavs GM Explains Luka, Anthony Davis, Lakers Trade: &#8216;Defense Wins Championships&#8217;\"}]},{\"@type\":\"WebSite\",\"@id\":\"https:\/\/usatoday.azontree.com\/#website\",\"url\":\"https:\/\/usatoday.azontree.com\/\",\"name\":\"24\/7 News America\",\"description\":\"Breaking Stories, Real Insights&quot;\",\"potentialAction\":[{\"@type\":\"SearchAction\",\"target\":{\"@type\":\"EntryPoint\",\"urlTemplate\":\"https:\/\/usatoday.azontree.com\/?s={search_term_string}\"},\"query-input\":{\"@type\":\"PropertyValueSpecification\",\"valueRequired\":true,\"valueName\":\"search_term_string\"}}],\"inLanguage\":\"en-US\"},{\"@type\":\"Person\",\"@id\":\"https:\/\/usatoday.azontree.com\/#\/schema\/person\/4fd584257b8aaef08c4e2bc73ee6a914\",\"name\":\"Admin\",\"image\":{\"@type\":\"ImageObject\",\"inLanguage\":\"en-US\",\"@id\":\"https:\/\/usatoday.azontree.com\/#\/schema\/person\/image\/\",\"url\":\"https:\/\/secure.gravatar.com\/avatar\/ab07af1f129ef9c67f3a58e6273eac4d8eb51a1cb066ea995eb6d5f03eceb61b?s=96&d=mm&r=g\",\"contentUrl\":\"https:\/\/secure.gravatar.com\/avatar\/ab07af1f129ef9c67f3a58e6273eac4d8eb51a1cb066ea995eb6d5f03eceb61b?s=96&d=mm&r=g\",\"caption\":\"Admin\"},\"url\":\"https:\/\/usatoday.azontree.com\/?author=2\"}]}<\/script>\n<!-- \/ Yoast SEO plugin. -->","yoast_head_json":{"title":"Mavs GM Explains Luka, Anthony Davis, Lakers Trade: 'Defense Wins Championships' - 24\/7 News America","robots":{"index":"index","follow":"follow","max-snippet":"max-snippet:-1","max-image-preview":"max-image-preview:large","max-video-preview":"max-video-preview:-1"},"canonical":"https:\/\/usatoday.azontree.com\/?p=23243","og_locale":"en_US","og_type":"article","og_title":"Mavs GM Explains Luka, Anthony Davis, Lakers Trade: 'Defense Wins Championships' - 24\/7 News America","og_description":"Katelyn Mulcahy\/Getty Images The Dallas Mavericks made the shocking decision to trade Luka Don\u010di\u0107 on Saturday, and general manager Nico Harrison said it was for defensive reasons....","og_url":"https:\/\/usatoday.azontree.com\/?p=23243","og_site_name":"24\/7 News America","article_published_time":"2025-02-03T03:43:55+00:00","og_image":[{"width":2000,"height":2000,"url":"https:\/\/usatoday.azontree.com\/wp-content\/uploads\/2025\/02\/3-13.jpg","type":"image\/jpeg"}],"author":"Admin","twitter_card":"summary_large_image","twitter_misc":{"Written by":"Admin","Est. reading time":"3 minutes"},"schema":{"@context":"https:\/\/schema.org","@graph":[{"@type":"WebPage","@id":"https:\/\/usatoday.azontree.com\/?p=23243","url":"https:\/\/usatoday.azontree.com\/?p=23243","name":"Mavs GM Explains Luka, Anthony Davis, Lakers Trade: 'Defense Wins Championships' - 24\/7 News America","isPartOf":{"@id":"https:\/\/usatoday.azontree.com\/#website"},"primaryImageOfPage":{"@id":"https:\/\/usatoday.azontree.com\/?p=23243#primaryimage"},"image":{"@id":"https:\/\/usatoday.azontree.com\/?p=23243#primaryimage"},"thumbnailUrl":"https:\/\/usatoday.azontree.com\/wp-content\/uploads\/2025\/02\/3-13.jpg","datePublished":"2025-02-03T03:43:55+00:00","dateModified":"2025-02-03T03:43:55+00:00","author":{"@id":"https:\/\/usatoday.azontree.com\/#\/schema\/person\/4fd584257b8aaef08c4e2bc73ee6a914"},"breadcrumb":{"@id":"https:\/\/usatoday.azontree.com\/?p=23243#breadcrumb"},"inLanguage":"en-US","potentialAction":[{"@type":"ReadAction","target":["https:\/\/usatoday.azontree.com\/?p=23243"]}]},{"@type":"ImageObject","inLanguage":"en-US","@id":"https:\/\/usatoday.azontree.com\/?p=23243#primaryimage","url":"https:\/\/usatoday.azontree.com\/wp-content\/uploads\/2025\/02\/3-13.jpg","contentUrl":"https:\/\/usatoday.azontree.com\/wp-content\/uploads\/2025\/02\/3-13.jpg","width":2000,"height":2000},{"@type":"BreadcrumbList","@id":"https:\/\/usatoday.azontree.com\/?p=23243#breadcrumb","itemListElement":[{"@type":"ListItem","position":1,"name":"Home","item":"https:\/\/usatoday.azontree.com\/"},{"@type":"ListItem","position":2,"name":"Mavs GM Explains Luka, Anthony Davis, Lakers Trade: &#8216;Defense Wins Championships&#8217;"}]},{"@type":"WebSite","@id":"https:\/\/usatoday.azontree.com\/#website","url":"https:\/\/usatoday.azontree.com\/","name":"24\/7 News America","description":"Breaking Stories, Real Insights&quot;","potentialAction":[{"@type":"SearchAction","target":{"@type":"EntryPoint","urlTemplate":"https:\/\/usatoday.azontree.com\/?s={search_term_string}"},"query-input":{"@type":"PropertyValueSpecification","valueRequired":true,"valueName":"search_term_string"}}],"inLanguage":"en-US"},{"@type":"Person","@id":"https:\/\/usatoday.azontree.com\/#\/schema\/person\/4fd584257b8aaef08c4e2bc73ee6a914","name":"Admin","image":{"@type":"ImageObject","inLanguage":"en-US","@id":"https:\/\/usatoday.azontree.com\/#\/schema\/person\/image\/","url":"https:\/\/secure.gravatar.com\/avatar\/ab07af1f129ef9c67f3a58e6273eac4d8eb51a1cb066ea995eb6d5f03eceb61b?s=96&d=mm&r=g","contentUrl":"https:\/\/secure.gravatar.com\/avatar\/ab07af1f129ef9c67f3a58e6273eac4d8eb51a1cb066ea995eb6d5f03eceb61b?s=96&d=mm&r=g","caption":"Admin"},"url":"https:\/\/usatoday.azontree.com\/?author=2"}]}},"_links":{"self":[{"href":"https:\/\/usatoday.azontree.com\/index.php?rest_route=\/wp\/v2\/posts\/23243","targetHints":{"allow":["GET"]}}],"collection":[{"href":"https:\/\/usatoday.azontree.com\/index.php?rest_route=\/wp\/v2\/posts"}],"about":[{"href":"https:\/\/usatoday.azontree.com\/index.php?rest_route=\/wp\/v2\/types\/post"}],"author":[{"embeddable":true,"href":"https:\/\/usatoday.azontree.com\/index.php?rest_route=\/wp\/v2\/users\/2"}],"replies":[{"embeddable":true,"href":"https:\/\/usatoday.azontree.com\/index.php?rest_route=%2Fwp%2Fv2%2Fcomments&post=23243"}],"version-history":[{"count":1,"href":"https:\/\/usatoday.azontree.com\/index.php?rest_route=\/wp\/v2\/posts\/23243\/revisions"}],"predecessor-version":[{"id":23246,"href":"https:\/\/usatoday.azontree.com\/index.php?rest_route=\/wp\/v2\/posts\/23243\/revisions\/23246"}],"wp:featuredmedia":[{"embeddable":true,"href":"https:\/\/usatoday.azontree.com\/index.php?rest_route=\/wp\/v2\/media\/23245"}],"wp:attachment":[{"href":"https:\/\/usatoday.azontree.com\/index.php?rest_route=%2Fwp%2Fv2%2Fmedia&parent=23243"}],"wp:term":[{"taxonomy":"category","embeddable":true,"href":"https:\/\/usatoday.azontree.com\/index.php?rest_route=%2Fwp%2Fv2%2Fcategories&post=23243"},{"taxonomy":"post_tag","embeddable":true,"href":"https:\/\/usatoday.azontree.com\/index.php?rest_route=%2Fwp%2Fv2%2Ftags&post=23243"}],"curies":[{"name":"wp","href":"https:\/\/api.w.org\/{rel}","templated":true}]}}