{"id":40,"date":"2024-11-12T08:45:17","date_gmt":"2024-11-12T08:45:17","guid":{"rendered":"https:\/\/usatoday.azontree.com\/?p=40"},"modified":"2024-11-12T08:45:17","modified_gmt":"2024-11-12T08:45:17","slug":"%f0%9f%9a%a8-%f0%9d%90%81%f0%9d%90%91%f0%9d%90%84%f0%9d%90%80%f0%9d%90%8a%f0%9d%90%88%f0%9d%90%8d%f0%9d%90%86-manchester-united-statement-%e2%9d%a4%ef%b8%8f-manchester-united-can-confirm-that-ruud-va","status":"publish","type":"post","link":"https:\/\/usatoday.azontree.com\/?p=40","title":{"rendered":"\ud83d\udea8 \ud835\udc01\ud835\udc11\ud835\udc04\ud835\udc00\ud835\udc0a\ud835\udc08\ud835\udc0d\ud835\udc06: Manchester United statement \u2764\ufe0f Manchester United can confirm that Ruud van Nistelrooy has left the club. Ruud rejoined in the summer and has taken charge of the team for the past four matches as interim head coach."},"content":{"rendered":"<h2>Ruben Amorim arrives to start Man Utd job as Ruud van Nistelrooy leaves club<\/h2>\n<p><img decoding=\"async\" src=\"https:\/\/usatoday.azontree.com\/wp-content\/uploads\/2024\/11\/466673254_1189594056301417_2296265399460303204_n.jpg\" alt=\"C\u00f3 th\u1ec3 l\u00e0 h\u00ecnh \u1ea3nh v\u1ec1 1 ng\u01b0\u1eddi, \u0111ang ch\u01a1i b\u00f3ng b\u1ea7u d\u1ee5c v\u00e0 \u0111ang ch\u01a1i b\u00f3ng \u0111\u00e1\" \/>Ruben Amorim arrived at Manchester United\u2019s training ground to start work as the club\u2019s new head coach on Monday, but Ruud van Nistelrooy will not be part of his backroom staff.<\/p>\n<p>The former Netherlands striker, who was brought in over the summer and has been in interim charge for the past four matches since the sacking of Erik ten Hag, has left the club.<\/p>\n<p>Van Nistelrooy departs along with first-team coaches Rene Hake, Jelle ten Rouwelaar and Pieter Morel.<\/p>\n<p>The club said they plan to announce Amorim\u2019s backroom staff \u201cin due course\u201d.<\/p>\n<div class=\"twitter-tweet twitter-tweet-rendered\"><iframe id=\"twitter-widget-0\" class=\"\" title=\"X Post\" src=\"https:\/\/platform.twitter.com\/embed\/Tweet.html?creatorScreenName=breakingnewsie&amp;dnt=false&amp;embedId=twitter-widget-0&amp;features=eyJ0ZndfdGltZWxpbmVfbGlzdCI6eyJidWNrZXQiOltdLCJ2ZXJzaW9uIjpudWxsfSwidGZ3X2ZvbGxvd2VyX2NvdW50X3N1bnNldCI6eyJidWNrZXQiOnRydWUsInZlcnNpb24iOm51bGx9LCJ0ZndfdHdlZXRfZWRpdF9iYWNrZW5kIjp7ImJ1Y2tldCI6Im9uIiwidmVyc2lvbiI6bnVsbH0sInRmd19yZWZzcmNfc2Vzc2lvbiI6eyJidWNrZXQiOiJvbiIsInZlcnNpb24iOm51bGx9LCJ0ZndfZm9zbnJfc29mdF9pbnRlcnZlbnRpb25zX2VuYWJsZWQiOnsiYnVja2V0Ijoib24iLCJ2ZXJzaW9uIjpudWxsfSwidGZ3X21peGVkX21lZGlhXzE1ODk3Ijp7ImJ1Y2tldCI6InRyZWF0bWVudCIsInZlcnNpb24iOm51bGx9LCJ0ZndfZXhwZXJpbWVudHNfY29va2llX2V4cGlyYXRpb24iOnsiYnVja2V0IjoxMjA5NjAwLCJ2ZXJzaW9uIjpudWxsfSwidGZ3X3Nob3dfYmlyZHdhdGNoX3Bpdm90c19lbmFibGVkIjp7ImJ1Y2tldCI6Im9uIiwidmVyc2lvbiI6bnVsbH0sInRmd19kdXBsaWNhdGVfc2NyaWJlc190b19zZXR0aW5ncyI6eyJidWNrZXQiOiJvbiIsInZlcnNpb24iOm51bGx9LCJ0ZndfdXNlX3Byb2ZpbGVfaW1hZ2Vfc2hhcGVfZW5hYmxlZCI6eyJidWNrZXQiOiJvbiIsInZlcnNpb24iOm51bGx9LCJ0ZndfdmlkZW9faGxzX2R5bmFtaWNfbWFuaWZlc3RzXzE1MDgyIjp7ImJ1Y2tldCI6InRydWVfYml0cmF0ZSIsInZlcnNpb24iOm51bGx9LCJ0ZndfbGVnYWN5X3RpbWVsaW5lX3N1bnNldCI6eyJidWNrZXQiOnRydWUsInZlcnNpb24iOm51bGx9LCJ0ZndfdHdlZXRfZWRpdF9mcm9udGVuZCI6eyJidWNrZXQiOiJvbiIsInZlcnNpb24iOm51bGx9fQ%3D%3D&amp;frame=false&amp;hideCard=false&amp;hideThread=false&amp;id=1856021023734587633&amp;lang=en&amp;origin=https%3A%2F%2Fwww.breakingnews.ie%2Fsport%2Fruben-amorim-arrives-to-start-man-utd-job-as-ruud-van-nistelrooy-leaves-club-1694290.html&amp;sessionId=8b2678a0802ccbdbda42dad7ea615651634545e5&amp;siteScreenName=breakingnewsie&amp;theme=light&amp;widgetsVersion=2615f7e52b7e0%3A1702314776716&amp;width=550px\" frameborder=\"0\" scrolling=\"no\" allowfullscreen=\"allowfullscreen\" data-tweet-id=\"1856021023734587633\" data-mce-fragment=\"1\"><\/iframe><\/div>\n<p>A United statement read: \u201cManchester United can confirm that Ruud van Nistelrooy has left the club. Ruud rejoined in the summer and has taken charge of the team for the past four matches as interim head coach.<\/p>\n<p>\u201cRuud is, and always will be, a Manchester United legend.<\/p>\n<p>\u201cWe are grateful for his contribution and the way in which he has approached his role throughout his time with the club. He will always be very welcome at Old Trafford.<\/p>\n<p>\u201cRene Hake, Jelle ten Rouwelaar and Pieter Morel have also departed and we wish them all well for the future.<\/p>\n<p>\u201cWe will confirm the full men\u2019s first team coaching composition in due course.\u201d<\/p>\n<p><img decoding=\"async\" src=\"https:\/\/usatoday.azontree.com\/wp-content\/uploads\/2024\/11\/2182698775.jpg\" alt=\"Ruud van Nistelrooy\" \/><\/p>\n","protected":false},"excerpt":{"rendered":"<p>Ruben Amorim arrives to start Man Utd job as Ruud van Nistelrooy leaves club Ruben Amorim arrived at Manchester United\u2019s training ground to start work as the&#8230; <\/p>\n","protected":false},"author":2,"featured_media":42,"comment_status":"open","ping_status":"open","sticky":false,"template":"","format":"standard","meta":{"footnotes":""},"categories":[4],"tags":[],"class_list":["post-40","post","type-post","status-publish","format-standard","has-post-thumbnail","hentry","category-football"],"yoast_head":"<!-- This site is optimized with the Yoast SEO plugin v23.8 - https:\/\/yoast.com\/wordpress\/plugins\/seo\/ -->\n<title>\ud83d\udea8 \ud835\udc01\ud835\udc11\ud835\udc04\ud835\udc00\ud835\udc0a\ud835\udc08\ud835\udc0d\ud835\udc06: Manchester United statement \u2764\ufe0f Manchester United can confirm that Ruud van Nistelrooy has left the club. Ruud rejoined in the summer and has taken charge of the team for the past four matches as interim head coach. - 24\/7 News America<\/title>\n<meta name=\"robots\" content=\"index, follow, max-snippet:-1, max-image-preview:large, max-video-preview:-1\" \/>\n<link rel=\"canonical\" href=\"https:\/\/usatoday.azontree.com\/?p=40\" \/>\n<meta property=\"og:locale\" content=\"en_US\" \/>\n<meta property=\"og:type\" content=\"article\" \/>\n<meta property=\"og:title\" content=\"\ud83d\udea8 \ud835\udc01\ud835\udc11\ud835\udc04\ud835\udc00\ud835\udc0a\ud835\udc08\ud835\udc0d\ud835\udc06: Manchester United statement \u2764\ufe0f Manchester United can confirm that Ruud van Nistelrooy has left the club. Ruud rejoined in the summer and has taken charge of the team for the past four matches as interim head coach. - 24\/7 News America\" \/>\n<meta property=\"og:description\" content=\"Ruben Amorim arrives to start Man Utd job as Ruud van Nistelrooy leaves club Ruben Amorim arrived at Manchester United\u2019s training ground to start work as the...\" \/>\n<meta property=\"og:url\" content=\"https:\/\/usatoday.azontree.com\/?p=40\" \/>\n<meta property=\"og:site_name\" content=\"24\/7 News America\" \/>\n<meta property=\"article:published_time\" content=\"2024-11-12T08:45:17+00:00\" \/>\n<meta property=\"og:image\" content=\"https:\/\/usatoday.azontree.com\/wp-content\/uploads\/2024\/11\/3.jpg\" \/>\n\t<meta property=\"og:image:width\" content=\"960\" \/>\n\t<meta property=\"og:image:height\" content=\"1440\" \/>\n\t<meta property=\"og:image:type\" content=\"image\/jpeg\" \/>\n<meta name=\"author\" content=\"Admin\" \/>\n<meta name=\"twitter:card\" content=\"summary_large_image\" \/>\n<meta name=\"twitter:label1\" content=\"Written by\" \/>\n\t<meta name=\"twitter:data1\" content=\"Admin\" \/>\n\t<meta name=\"twitter:label2\" content=\"Est. reading time\" \/>\n\t<meta name=\"twitter:data2\" content=\"2 minutes\" \/>\n<script type=\"application\/ld+json\" class=\"yoast-schema-graph\">{\"@context\":\"https:\/\/schema.org\",\"@graph\":[{\"@type\":\"WebPage\",\"@id\":\"https:\/\/usatoday.azontree.com\/?p=40\",\"url\":\"https:\/\/usatoday.azontree.com\/?p=40\",\"name\":\"\ud83d\udea8 \ud835\udc01\ud835\udc11\ud835\udc04\ud835\udc00\ud835\udc0a\ud835\udc08\ud835\udc0d\ud835\udc06: Manchester United statement \u2764\ufe0f Manchester United can confirm that Ruud van Nistelrooy has left the club. Ruud rejoined in the summer and has taken charge of the team for the past four matches as interim head coach. - 24\/7 News America\",\"isPartOf\":{\"@id\":\"https:\/\/usatoday.azontree.com\/#website\"},\"primaryImageOfPage\":{\"@id\":\"https:\/\/usatoday.azontree.com\/?p=40#primaryimage\"},\"image\":{\"@id\":\"https:\/\/usatoday.azontree.com\/?p=40#primaryimage\"},\"thumbnailUrl\":\"https:\/\/usatoday.azontree.com\/wp-content\/uploads\/2024\/11\/3.jpg\",\"datePublished\":\"2024-11-12T08:45:17+00:00\",\"dateModified\":\"2024-11-12T08:45:17+00:00\",\"author\":{\"@id\":\"https:\/\/usatoday.azontree.com\/#\/schema\/person\/4fd584257b8aaef08c4e2bc73ee6a914\"},\"breadcrumb\":{\"@id\":\"https:\/\/usatoday.azontree.com\/?p=40#breadcrumb\"},\"inLanguage\":\"en-US\",\"potentialAction\":[{\"@type\":\"ReadAction\",\"target\":[\"https:\/\/usatoday.azontree.com\/?p=40\"]}]},{\"@type\":\"ImageObject\",\"inLanguage\":\"en-US\",\"@id\":\"https:\/\/usatoday.azontree.com\/?p=40#primaryimage\",\"url\":\"https:\/\/usatoday.azontree.com\/wp-content\/uploads\/2024\/11\/3.jpg\",\"contentUrl\":\"https:\/\/usatoday.azontree.com\/wp-content\/uploads\/2024\/11\/3.jpg\",\"width\":960,\"height\":1440},{\"@type\":\"BreadcrumbList\",\"@id\":\"https:\/\/usatoday.azontree.com\/?p=40#breadcrumb\",\"itemListElement\":[{\"@type\":\"ListItem\",\"position\":1,\"name\":\"Home\",\"item\":\"https:\/\/usatoday.azontree.com\/\"},{\"@type\":\"ListItem\",\"position\":2,\"name\":\"\ud83d\udea8 \ud835\udc01\ud835\udc11\ud835\udc04\ud835\udc00\ud835\udc0a\ud835\udc08\ud835\udc0d\ud835\udc06: Manchester United statement \u2764\ufe0f Manchester United can confirm that Ruud van Nistelrooy has left the club. Ruud rejoined in the summer and has taken charge of the team for the past four matches as interim head coach.\"}]},{\"@type\":\"WebSite\",\"@id\":\"https:\/\/usatoday.azontree.com\/#website\",\"url\":\"https:\/\/usatoday.azontree.com\/\",\"name\":\"24\/7 News America\",\"description\":\"Breaking Stories, Real Insights&quot;\",\"potentialAction\":[{\"@type\":\"SearchAction\",\"target\":{\"@type\":\"EntryPoint\",\"urlTemplate\":\"https:\/\/usatoday.azontree.com\/?s={search_term_string}\"},\"query-input\":{\"@type\":\"PropertyValueSpecification\",\"valueRequired\":true,\"valueName\":\"search_term_string\"}}],\"inLanguage\":\"en-US\"},{\"@type\":\"Person\",\"@id\":\"https:\/\/usatoday.azontree.com\/#\/schema\/person\/4fd584257b8aaef08c4e2bc73ee6a914\",\"name\":\"Admin\",\"image\":{\"@type\":\"ImageObject\",\"inLanguage\":\"en-US\",\"@id\":\"https:\/\/usatoday.azontree.com\/#\/schema\/person\/image\/\",\"url\":\"https:\/\/secure.gravatar.com\/avatar\/ab07af1f129ef9c67f3a58e6273eac4d8eb51a1cb066ea995eb6d5f03eceb61b?s=96&d=mm&r=g\",\"contentUrl\":\"https:\/\/secure.gravatar.com\/avatar\/ab07af1f129ef9c67f3a58e6273eac4d8eb51a1cb066ea995eb6d5f03eceb61b?s=96&d=mm&r=g\",\"caption\":\"Admin\"},\"url\":\"https:\/\/usatoday.azontree.com\/?author=2\"}]}<\/script>\n<!-- \/ Yoast SEO plugin. -->","yoast_head_json":{"title":"\ud83d\udea8 \ud835\udc01\ud835\udc11\ud835\udc04\ud835\udc00\ud835\udc0a\ud835\udc08\ud835\udc0d\ud835\udc06: Manchester United statement \u2764\ufe0f Manchester United can confirm that Ruud van Nistelrooy has left the club. Ruud rejoined in the summer and has taken charge of the team for the past four matches as interim head coach. - 24\/7 News America","robots":{"index":"index","follow":"follow","max-snippet":"max-snippet:-1","max-image-preview":"max-image-preview:large","max-video-preview":"max-video-preview:-1"},"canonical":"https:\/\/usatoday.azontree.com\/?p=40","og_locale":"en_US","og_type":"article","og_title":"\ud83d\udea8 \ud835\udc01\ud835\udc11\ud835\udc04\ud835\udc00\ud835\udc0a\ud835\udc08\ud835\udc0d\ud835\udc06: Manchester United statement \u2764\ufe0f Manchester United can confirm that Ruud van Nistelrooy has left the club. Ruud rejoined in the summer and has taken charge of the team for the past four matches as interim head coach. - 24\/7 News America","og_description":"Ruben Amorim arrives to start Man Utd job as Ruud van Nistelrooy leaves club Ruben Amorim arrived at Manchester United\u2019s training ground to start work as the...","og_url":"https:\/\/usatoday.azontree.com\/?p=40","og_site_name":"24\/7 News America","article_published_time":"2024-11-12T08:45:17+00:00","og_image":[{"width":960,"height":1440,"url":"https:\/\/usatoday.azontree.com\/wp-content\/uploads\/2024\/11\/3.jpg","type":"image\/jpeg"}],"author":"Admin","twitter_card":"summary_large_image","twitter_misc":{"Written by":"Admin","Est. reading time":"2 minutes"},"schema":{"@context":"https:\/\/schema.org","@graph":[{"@type":"WebPage","@id":"https:\/\/usatoday.azontree.com\/?p=40","url":"https:\/\/usatoday.azontree.com\/?p=40","name":"\ud83d\udea8 \ud835\udc01\ud835\udc11\ud835\udc04\ud835\udc00\ud835\udc0a\ud835\udc08\ud835\udc0d\ud835\udc06: Manchester United statement \u2764\ufe0f Manchester United can confirm that Ruud van Nistelrooy has left the club. Ruud rejoined in the summer and has taken charge of the team for the past four matches as interim head coach. - 24\/7 News America","isPartOf":{"@id":"https:\/\/usatoday.azontree.com\/#website"},"primaryImageOfPage":{"@id":"https:\/\/usatoday.azontree.com\/?p=40#primaryimage"},"image":{"@id":"https:\/\/usatoday.azontree.com\/?p=40#primaryimage"},"thumbnailUrl":"https:\/\/usatoday.azontree.com\/wp-content\/uploads\/2024\/11\/3.jpg","datePublished":"2024-11-12T08:45:17+00:00","dateModified":"2024-11-12T08:45:17+00:00","author":{"@id":"https:\/\/usatoday.azontree.com\/#\/schema\/person\/4fd584257b8aaef08c4e2bc73ee6a914"},"breadcrumb":{"@id":"https:\/\/usatoday.azontree.com\/?p=40#breadcrumb"},"inLanguage":"en-US","potentialAction":[{"@type":"ReadAction","target":["https:\/\/usatoday.azontree.com\/?p=40"]}]},{"@type":"ImageObject","inLanguage":"en-US","@id":"https:\/\/usatoday.azontree.com\/?p=40#primaryimage","url":"https:\/\/usatoday.azontree.com\/wp-content\/uploads\/2024\/11\/3.jpg","contentUrl":"https:\/\/usatoday.azontree.com\/wp-content\/uploads\/2024\/11\/3.jpg","width":960,"height":1440},{"@type":"BreadcrumbList","@id":"https:\/\/usatoday.azontree.com\/?p=40#breadcrumb","itemListElement":[{"@type":"ListItem","position":1,"name":"Home","item":"https:\/\/usatoday.azontree.com\/"},{"@type":"ListItem","position":2,"name":"\ud83d\udea8 \ud835\udc01\ud835\udc11\ud835\udc04\ud835\udc00\ud835\udc0a\ud835\udc08\ud835\udc0d\ud835\udc06: Manchester United statement \u2764\ufe0f Manchester United can confirm that Ruud van Nistelrooy has left the club. Ruud rejoined in the summer and has taken charge of the team for the past four matches as interim head coach."}]},{"@type":"WebSite","@id":"https:\/\/usatoday.azontree.com\/#website","url":"https:\/\/usatoday.azontree.com\/","name":"24\/7 News America","description":"Breaking Stories, Real Insights&quot;","potentialAction":[{"@type":"SearchAction","target":{"@type":"EntryPoint","urlTemplate":"https:\/\/usatoday.azontree.com\/?s={search_term_string}"},"query-input":{"@type":"PropertyValueSpecification","valueRequired":true,"valueName":"search_term_string"}}],"inLanguage":"en-US"},{"@type":"Person","@id":"https:\/\/usatoday.azontree.com\/#\/schema\/person\/4fd584257b8aaef08c4e2bc73ee6a914","name":"Admin","image":{"@type":"ImageObject","inLanguage":"en-US","@id":"https:\/\/usatoday.azontree.com\/#\/schema\/person\/image\/","url":"https:\/\/secure.gravatar.com\/avatar\/ab07af1f129ef9c67f3a58e6273eac4d8eb51a1cb066ea995eb6d5f03eceb61b?s=96&d=mm&r=g","contentUrl":"https:\/\/secure.gravatar.com\/avatar\/ab07af1f129ef9c67f3a58e6273eac4d8eb51a1cb066ea995eb6d5f03eceb61b?s=96&d=mm&r=g","caption":"Admin"},"url":"https:\/\/usatoday.azontree.com\/?author=2"}]}},"_links":{"self":[{"href":"https:\/\/usatoday.azontree.com\/index.php?rest_route=\/wp\/v2\/posts\/40","targetHints":{"allow":["GET"]}}],"collection":[{"href":"https:\/\/usatoday.azontree.com\/index.php?rest_route=\/wp\/v2\/posts"}],"about":[{"href":"https:\/\/usatoday.azontree.com\/index.php?rest_route=\/wp\/v2\/types\/post"}],"author":[{"embeddable":true,"href":"https:\/\/usatoday.azontree.com\/index.php?rest_route=\/wp\/v2\/users\/2"}],"replies":[{"embeddable":true,"href":"https:\/\/usatoday.azontree.com\/index.php?rest_route=%2Fwp%2Fv2%2Fcomments&post=40"}],"version-history":[{"count":1,"href":"https:\/\/usatoday.azontree.com\/index.php?rest_route=\/wp\/v2\/posts\/40\/revisions"}],"predecessor-version":[{"id":45,"href":"https:\/\/usatoday.azontree.com\/index.php?rest_route=\/wp\/v2\/posts\/40\/revisions\/45"}],"wp:featuredmedia":[{"embeddable":true,"href":"https:\/\/usatoday.azontree.com\/index.php?rest_route=\/wp\/v2\/media\/42"}],"wp:attachment":[{"href":"https:\/\/usatoday.azontree.com\/index.php?rest_route=%2Fwp%2Fv2%2Fmedia&parent=40"}],"wp:term":[{"taxonomy":"category","embeddable":true,"href":"https:\/\/usatoday.azontree.com\/index.php?rest_route=%2Fwp%2Fv2%2Fcategories&post=40"},{"taxonomy":"post_tag","embeddable":true,"href":"https:\/\/usatoday.azontree.com\/index.php?rest_route=%2Fwp%2Fv2%2Ftags&post=40"}],"curies":[{"name":"wp","href":"https:\/\/api.w.org\/{rel}","templated":true}]}}