{"id":41607,"date":"2025-04-17T02:44:17","date_gmt":"2025-04-17T02:44:17","guid":{"rendered":"https:\/\/usatoday.azontree.com\/?p=41607"},"modified":"2025-04-17T02:44:17","modified_gmt":"2025-04-17T02:44:17","slug":"my-greatest-source-of-motivation-has-rafael-nadal-tearfully-shares-7-emotional-words-about-his-current-situation-leaving-fans-deeply-moved","status":"publish","type":"post","link":"https:\/\/usatoday.azontree.com\/?p=41607","title":{"rendered":"\u201cMy greatest source of motivation has\u2026\u201d \u2013 Rafael Nadal tearfully shares 7 emotional words about his current situation, leaving fans deeply moved"},"content":{"rendered":"<p class=\"\" data-start=\"77\" data-end=\"519\">In a tearful and deeply emotional moment, tennis legend Rafael Nadal recently opened up about his current situation, sharing seven words that have left fans worldwide both heartbroken and moved. The 22-time Grand Slam champion, widely regarded as one of the greatest players in tennis history, has been facing significant challenges in his personal and professional life, and his words have offered a rare and intimate look into his struggle.<\/p>\n<div class=\"code-block code-block-1\">\n<div id=\"div_ub_banner_3\"><\/div>\n<\/div>\n<div class=\"aligncenter\"><img decoding=\"async\" src=\"https:\/\/sv.wptool.co\/media\/6d92feed9f6e4facaf796d106f7b81b9.jpeg\" width=\"780\" \/><\/div>\n<p class=\"\" data-start=\"521\" data-end=\"1011\">\u201cMy greatest source of motivation has\u2026\u201d Nadal began, his voice filled with emotion. It was during an interview that the 37-year-old Spaniard, who is currently sidelined due to a long-standing injury, gave fans a glimpse into the emotional and physical toll the sport has taken on him in recent months. While the full sentence remains undisclosed, the impact of Nadal\u2019s seven words resonated deeply, revealing the inner conflict he faces as he navigates this challenging phase of his career.<\/p>\n<div class=\"code-block code-block-2\">\n<div id=\"div-ub_banner_300x250\"><\/div>\n<\/div>\n<p class=\"\" data-start=\"1013\" data-end=\"1515\">Over the past year, Nadal has battled injuries that have kept him from competing at his usual level. After a stellar career filled with incredible triumphs, the thought of stepping away from the game he loves has been a painful reality for the Spaniard. However, in this rare emotional moment, Nadal showed his vulnerability, acknowledging how the strain of his physical condition has affected not only his performance on the court but also his personal life, especially his relationship with his wife.<\/p>\n<div class=\"code-block code-block-3\">\n<div id=\"div_ub_300x250_1\"><\/div>\n<\/div>\n<p class=\"\" data-start=\"1013\" data-end=\"1515\"><img loading=\"lazy\" decoding=\"async\" src=\"https:\/\/www.raquetc.com\/wp-content\/uploads\/2024\/01\/Rafael-Nadal-7.jpg\" alt=\"Rafael Nadal: &quot;N\u00e3o sei que torneios ainda me restam, mas tenho a sensa\u00e7\u00e3o  de que j\u00e1 n\u00e3o ser\u00e3o muitos&quot;\" width=\"703\" height=\"396\" \/><\/p>\n<div class=\"code-block code-block-4\">\n<div id=\"div_ub_banner_4\"><\/div>\n<\/div>\n<p class=\"\" data-start=\"1517\" data-end=\"1998\">The world of tennis has watched in awe as Nadal\u2019s unmatched work ethic and resilience have brought him through countless obstacles. From his early days on the court to his epic battles against rival tennis greats like Roger Federer and Novak Djokovic, Nadal has been a symbol of determination and perseverance. But now, at a point where his body is no longer able to withstand the relentless demands of professional tennis, Nadal finds himself in an unfamiliar place of reflection.<\/p>\n<div class=\"code-block code-block-5\">\n<div id=\"div_ub_300x250_2\"><\/div>\n<\/div>\n<p class=\"\" data-start=\"2000\" data-end=\"2518\">As a be<img loading=\"lazy\" decoding=\"async\" src=\"https:\/\/assets.grok.com\/users\/7ca155f0-0026-4072-beeb-57b4f1fa99ab\/generated\/dlNg6KTiOYtEbX8I\/image.jpg\" width=\"711\" height=\"533\" \/>loved figure both on and off the court, Nadal\u2019s openness about his struggles has sparked an outpouring of support from fans, colleagues, and fellow athletes alike. His vulnerability in sharing his journey with the world has reminded people of the human side of sports and the personal sacrifices that athletes often endure. Nadal\u2019s fans, who have long admired his fighting spirit and unwavering commitment to his craft, have expressed their admiration for his courage in opening up during such a difficult time.<\/p>\n<div class=\"code-block code-block-6\">\n<div id=\"div_ub_banner_5\"><\/div>\n<\/div>\n<p class=\"\" data-start=\"2520\" data-end=\"2966\">It\u2019s clear that Nadal\u2019s career may be winding down, but his legacy remains as strong as ever. His contributions to tennis will forever be remembered, not just for his astonishing achievements on the court but also for his unyielding dedication to the sport, even in the face of adversity. As Nadal continues to recover and reflect on his future, one thing is certain\u2014he will always have the support and admiration of tennis fans around the world.<\/p>\n","protected":false},"excerpt":{"rendered":"<p>In a tearful and deeply emotional moment, tennis legend Rafael Nadal recently opened up about his current situation, sharing seven words that have left fans worldwide both&#8230; <\/p>\n","protected":false},"author":2,"featured_media":41608,"comment_status":"open","ping_status":"open","sticky":false,"template":"","format":"standard","meta":{"footnotes":""},"categories":[7],"tags":[],"class_list":["post-41607","post","type-post","status-publish","format-standard","has-post-thumbnail","hentry","category-tennis"],"yoast_head":"<!-- This site is optimized with the Yoast SEO plugin v23.8 - https:\/\/yoast.com\/wordpress\/plugins\/seo\/ -->\n<title>\u201cMy greatest source of motivation has\u2026\u201d \u2013 Rafael Nadal tearfully shares 7 emotional words about his current situation, leaving fans deeply moved - 24\/7 News America<\/title>\n<meta name=\"robots\" content=\"index, follow, max-snippet:-1, max-image-preview:large, max-video-preview:-1\" \/>\n<link rel=\"canonical\" href=\"https:\/\/usatoday.azontree.com\/?p=41607\" \/>\n<meta property=\"og:locale\" content=\"en_US\" \/>\n<meta property=\"og:type\" content=\"article\" \/>\n<meta property=\"og:title\" content=\"\u201cMy greatest source of motivation has\u2026\u201d \u2013 Rafael Nadal tearfully shares 7 emotional words about his current situation, leaving fans deeply moved - 24\/7 News America\" \/>\n<meta property=\"og:description\" content=\"In a tearful and deeply emotional moment, tennis legend Rafael Nadal recently opened up about his current situation, sharing seven words that have left fans worldwide both...\" \/>\n<meta property=\"og:url\" content=\"https:\/\/usatoday.azontree.com\/?p=41607\" \/>\n<meta property=\"og:site_name\" content=\"24\/7 News America\" \/>\n<meta property=\"article:published_time\" content=\"2025-04-17T02:44:17+00:00\" \/>\n<meta property=\"og:image\" content=\"https:\/\/usatoday.azontree.com\/wp-content\/uploads\/2025\/04\/1-61.jpg\" \/>\n\t<meta property=\"og:image:width\" content=\"2048\" \/>\n\t<meta property=\"og:image:height\" content=\"2048\" \/>\n\t<meta property=\"og:image:type\" content=\"image\/jpeg\" \/>\n<meta name=\"author\" content=\"Admin\" \/>\n<meta name=\"twitter:card\" content=\"summary_large_image\" \/>\n<meta name=\"twitter:label1\" content=\"Written by\" \/>\n\t<meta name=\"twitter:data1\" content=\"Admin\" \/>\n\t<meta name=\"twitter:label2\" content=\"Est. reading time\" \/>\n\t<meta name=\"twitter:data2\" content=\"3 minutes\" \/>\n<script type=\"application\/ld+json\" class=\"yoast-schema-graph\">{\"@context\":\"https:\/\/schema.org\",\"@graph\":[{\"@type\":\"WebPage\",\"@id\":\"https:\/\/usatoday.azontree.com\/?p=41607\",\"url\":\"https:\/\/usatoday.azontree.com\/?p=41607\",\"name\":\"\u201cMy greatest source of motivation has\u2026\u201d \u2013 Rafael Nadal tearfully shares 7 emotional words about his current situation, leaving fans deeply moved - 24\/7 News America\",\"isPartOf\":{\"@id\":\"https:\/\/usatoday.azontree.com\/#website\"},\"primaryImageOfPage\":{\"@id\":\"https:\/\/usatoday.azontree.com\/?p=41607#primaryimage\"},\"image\":{\"@id\":\"https:\/\/usatoday.azontree.com\/?p=41607#primaryimage\"},\"thumbnailUrl\":\"https:\/\/usatoday.azontree.com\/wp-content\/uploads\/2025\/04\/1-61.jpg\",\"datePublished\":\"2025-04-17T02:44:17+00:00\",\"dateModified\":\"2025-04-17T02:44:17+00:00\",\"author\":{\"@id\":\"https:\/\/usatoday.azontree.com\/#\/schema\/person\/4fd584257b8aaef08c4e2bc73ee6a914\"},\"breadcrumb\":{\"@id\":\"https:\/\/usatoday.azontree.com\/?p=41607#breadcrumb\"},\"inLanguage\":\"en-US\",\"potentialAction\":[{\"@type\":\"ReadAction\",\"target\":[\"https:\/\/usatoday.azontree.com\/?p=41607\"]}]},{\"@type\":\"ImageObject\",\"inLanguage\":\"en-US\",\"@id\":\"https:\/\/usatoday.azontree.com\/?p=41607#primaryimage\",\"url\":\"https:\/\/usatoday.azontree.com\/wp-content\/uploads\/2025\/04\/1-61.jpg\",\"contentUrl\":\"https:\/\/usatoday.azontree.com\/wp-content\/uploads\/2025\/04\/1-61.jpg\",\"width\":2048,\"height\":2048},{\"@type\":\"BreadcrumbList\",\"@id\":\"https:\/\/usatoday.azontree.com\/?p=41607#breadcrumb\",\"itemListElement\":[{\"@type\":\"ListItem\",\"position\":1,\"name\":\"Home\",\"item\":\"https:\/\/usatoday.azontree.com\/\"},{\"@type\":\"ListItem\",\"position\":2,\"name\":\"\u201cMy greatest source of motivation has\u2026\u201d \u2013 Rafael Nadal tearfully shares 7 emotional words about his current situation, leaving fans deeply moved\"}]},{\"@type\":\"WebSite\",\"@id\":\"https:\/\/usatoday.azontree.com\/#website\",\"url\":\"https:\/\/usatoday.azontree.com\/\",\"name\":\"24\/7 News America\",\"description\":\"Breaking Stories, Real Insights&quot;\",\"potentialAction\":[{\"@type\":\"SearchAction\",\"target\":{\"@type\":\"EntryPoint\",\"urlTemplate\":\"https:\/\/usatoday.azontree.com\/?s={search_term_string}\"},\"query-input\":{\"@type\":\"PropertyValueSpecification\",\"valueRequired\":true,\"valueName\":\"search_term_string\"}}],\"inLanguage\":\"en-US\"},{\"@type\":\"Person\",\"@id\":\"https:\/\/usatoday.azontree.com\/#\/schema\/person\/4fd584257b8aaef08c4e2bc73ee6a914\",\"name\":\"Admin\",\"image\":{\"@type\":\"ImageObject\",\"inLanguage\":\"en-US\",\"@id\":\"https:\/\/usatoday.azontree.com\/#\/schema\/person\/image\/\",\"url\":\"https:\/\/secure.gravatar.com\/avatar\/ab07af1f129ef9c67f3a58e6273eac4d8eb51a1cb066ea995eb6d5f03eceb61b?s=96&d=mm&r=g\",\"contentUrl\":\"https:\/\/secure.gravatar.com\/avatar\/ab07af1f129ef9c67f3a58e6273eac4d8eb51a1cb066ea995eb6d5f03eceb61b?s=96&d=mm&r=g\",\"caption\":\"Admin\"},\"url\":\"https:\/\/usatoday.azontree.com\/?author=2\"}]}<\/script>\n<!-- \/ Yoast SEO plugin. -->","yoast_head_json":{"title":"\u201cMy greatest source of motivation has\u2026\u201d \u2013 Rafael Nadal tearfully shares 7 emotional words about his current situation, leaving fans deeply moved - 24\/7 News America","robots":{"index":"index","follow":"follow","max-snippet":"max-snippet:-1","max-image-preview":"max-image-preview:large","max-video-preview":"max-video-preview:-1"},"canonical":"https:\/\/usatoday.azontree.com\/?p=41607","og_locale":"en_US","og_type":"article","og_title":"\u201cMy greatest source of motivation has\u2026\u201d \u2013 Rafael Nadal tearfully shares 7 emotional words about his current situation, leaving fans deeply moved - 24\/7 News America","og_description":"In a tearful and deeply emotional moment, tennis legend Rafael Nadal recently opened up about his current situation, sharing seven words that have left fans worldwide both...","og_url":"https:\/\/usatoday.azontree.com\/?p=41607","og_site_name":"24\/7 News America","article_published_time":"2025-04-17T02:44:17+00:00","og_image":[{"width":2048,"height":2048,"url":"https:\/\/usatoday.azontree.com\/wp-content\/uploads\/2025\/04\/1-61.jpg","type":"image\/jpeg"}],"author":"Admin","twitter_card":"summary_large_image","twitter_misc":{"Written by":"Admin","Est. reading time":"3 minutes"},"schema":{"@context":"https:\/\/schema.org","@graph":[{"@type":"WebPage","@id":"https:\/\/usatoday.azontree.com\/?p=41607","url":"https:\/\/usatoday.azontree.com\/?p=41607","name":"\u201cMy greatest source of motivation has\u2026\u201d \u2013 Rafael Nadal tearfully shares 7 emotional words about his current situation, leaving fans deeply moved - 24\/7 News America","isPartOf":{"@id":"https:\/\/usatoday.azontree.com\/#website"},"primaryImageOfPage":{"@id":"https:\/\/usatoday.azontree.com\/?p=41607#primaryimage"},"image":{"@id":"https:\/\/usatoday.azontree.com\/?p=41607#primaryimage"},"thumbnailUrl":"https:\/\/usatoday.azontree.com\/wp-content\/uploads\/2025\/04\/1-61.jpg","datePublished":"2025-04-17T02:44:17+00:00","dateModified":"2025-04-17T02:44:17+00:00","author":{"@id":"https:\/\/usatoday.azontree.com\/#\/schema\/person\/4fd584257b8aaef08c4e2bc73ee6a914"},"breadcrumb":{"@id":"https:\/\/usatoday.azontree.com\/?p=41607#breadcrumb"},"inLanguage":"en-US","potentialAction":[{"@type":"ReadAction","target":["https:\/\/usatoday.azontree.com\/?p=41607"]}]},{"@type":"ImageObject","inLanguage":"en-US","@id":"https:\/\/usatoday.azontree.com\/?p=41607#primaryimage","url":"https:\/\/usatoday.azontree.com\/wp-content\/uploads\/2025\/04\/1-61.jpg","contentUrl":"https:\/\/usatoday.azontree.com\/wp-content\/uploads\/2025\/04\/1-61.jpg","width":2048,"height":2048},{"@type":"BreadcrumbList","@id":"https:\/\/usatoday.azontree.com\/?p=41607#breadcrumb","itemListElement":[{"@type":"ListItem","position":1,"name":"Home","item":"https:\/\/usatoday.azontree.com\/"},{"@type":"ListItem","position":2,"name":"\u201cMy greatest source of motivation has\u2026\u201d \u2013 Rafael Nadal tearfully shares 7 emotional words about his current situation, leaving fans deeply moved"}]},{"@type":"WebSite","@id":"https:\/\/usatoday.azontree.com\/#website","url":"https:\/\/usatoday.azontree.com\/","name":"24\/7 News America","description":"Breaking Stories, Real Insights&quot;","potentialAction":[{"@type":"SearchAction","target":{"@type":"EntryPoint","urlTemplate":"https:\/\/usatoday.azontree.com\/?s={search_term_string}"},"query-input":{"@type":"PropertyValueSpecification","valueRequired":true,"valueName":"search_term_string"}}],"inLanguage":"en-US"},{"@type":"Person","@id":"https:\/\/usatoday.azontree.com\/#\/schema\/person\/4fd584257b8aaef08c4e2bc73ee6a914","name":"Admin","image":{"@type":"ImageObject","inLanguage":"en-US","@id":"https:\/\/usatoday.azontree.com\/#\/schema\/person\/image\/","url":"https:\/\/secure.gravatar.com\/avatar\/ab07af1f129ef9c67f3a58e6273eac4d8eb51a1cb066ea995eb6d5f03eceb61b?s=96&d=mm&r=g","contentUrl":"https:\/\/secure.gravatar.com\/avatar\/ab07af1f129ef9c67f3a58e6273eac4d8eb51a1cb066ea995eb6d5f03eceb61b?s=96&d=mm&r=g","caption":"Admin"},"url":"https:\/\/usatoday.azontree.com\/?author=2"}]}},"_links":{"self":[{"href":"https:\/\/usatoday.azontree.com\/index.php?rest_route=\/wp\/v2\/posts\/41607","targetHints":{"allow":["GET"]}}],"collection":[{"href":"https:\/\/usatoday.azontree.com\/index.php?rest_route=\/wp\/v2\/posts"}],"about":[{"href":"https:\/\/usatoday.azontree.com\/index.php?rest_route=\/wp\/v2\/types\/post"}],"author":[{"embeddable":true,"href":"https:\/\/usatoday.azontree.com\/index.php?rest_route=\/wp\/v2\/users\/2"}],"replies":[{"embeddable":true,"href":"https:\/\/usatoday.azontree.com\/index.php?rest_route=%2Fwp%2Fv2%2Fcomments&post=41607"}],"version-history":[{"count":1,"href":"https:\/\/usatoday.azontree.com\/index.php?rest_route=\/wp\/v2\/posts\/41607\/revisions"}],"predecessor-version":[{"id":41609,"href":"https:\/\/usatoday.azontree.com\/index.php?rest_route=\/wp\/v2\/posts\/41607\/revisions\/41609"}],"wp:featuredmedia":[{"embeddable":true,"href":"https:\/\/usatoday.azontree.com\/index.php?rest_route=\/wp\/v2\/media\/41608"}],"wp:attachment":[{"href":"https:\/\/usatoday.azontree.com\/index.php?rest_route=%2Fwp%2Fv2%2Fmedia&parent=41607"}],"wp:term":[{"taxonomy":"category","embeddable":true,"href":"https:\/\/usatoday.azontree.com\/index.php?rest_route=%2Fwp%2Fv2%2Fcategories&post=41607"},{"taxonomy":"post_tag","embeddable":true,"href":"https:\/\/usatoday.azontree.com\/index.php?rest_route=%2Fwp%2Fv2%2Ftags&post=41607"}],"curies":[{"name":"wp","href":"https:\/\/api.w.org\/{rel}","templated":true}]}}